{"id":1208,"date":"2017-05-27T14:19:00","date_gmt":"2017-05-27T12:19:00","guid":{"rendered":"https:\/\/www.frankhoppmann.de\/?p=1208"},"modified":"2026-04-23T13:26:22","modified_gmt":"2026-04-23T11:26:22","slug":"preisgekroenter-karikaturist-plaudert-aus-dem-naehkaestchen","status":"publish","type":"post","link":"https:\/\/www.frankhoppmann.de\/en\/preisgekroenter-karikaturist-plaudert-aus-dem-naehkaestchen\/","title":{"rendered":"Preisgekr\u00f6nter Karikaturist plaudert aus dem N\u00e4hk\u00e4stchen"},"content":{"rendered":"\n<p class=\"wp-block-paragraph\"><strong>27.05.2017 \u2013 Freie Presse, Plauen<\/strong><\/p>\n\n\n\n<p class=\"wp-block-paragraph\">Der Zeichner, Illustrator und Plauener F\u00f6rderpreistr\u00e4ger Frank Hoppmann aus M\u00fcnster stellt derzeit einige seiner Arbeiten f\u00fcr ein Kinderbuch im Erich-Ohser-Haus aus. Jetzt hat er interessante Einblicke in sein Schaffen gew\u00e4hrt.Von Peter Albrechterschienen am 27.05.2017Plauen. Vor zw\u00f6lf Jahren hat Frank Hoppmann den e.o.plauen-F\u00f6rderpreis bekommen. F\u00f6rderung hat er nicht mehr n\u00f6tig. Zu diesem Schluss kann man jedenfalls kommen, wenn man die Namen einiger seiner Auftraggeber h\u00f6rt und die Liste seiner Auszeichnungen liest. Sein Wikipedia-Eintrag ist mit einem Dutzend Auszeichnungen im In- und Ausland geschm\u00fcckt. Der 42-J\u00e4hrige gilt als ein gefragter K\u00fcnstler, und zwar ebenfalls im In- und Ausland. Im Erich-Ohser-Haus sind noch bis zum 10. September einige seiner Arbeiten zum Kinderbuch \u201eDie Abenteuer von Pit und Peggs \u2013 Die Reise zur Blumenparade\u201c zu sehen. Dort sprach er jetzt auch mit Detlef Narloch vom Vorstand der e.o.plauen-Gesellschaft \u00fcber sein Schaffen. Die Zuh\u00f6rer konnten dabei interessante Einzelheiten aus dem Leben des Karikaturisten erfahren.Die Bundesarbeitsministerin der SPD, Andrea Nahles, der Pops\u00e4nger Robbie Williams, die Pops\u00e4ngerin Amy Winehouse, das in M\u00fcnchen vor Gericht stehende NSU-Mitglied Beate Zsch\u00e4pe, US-Pr\u00e4sident Donald Trump und viele andere sind von Hoppmann bereits auf sp\u00f6ttische Art und Weise gezeichnet worden. \u201eRobbie Williams und Amy Winehouse habe ich f\u00fcr das Rolling Stone Magazin gezeichnet\u201c, berichtete der Gast. Es sei eine gute Zusammenarbeit \u00fcber zehn Jahre hinweg mit der Zeitschrift gewesen. Andrea Nahles entstand f\u00fcr den Eulenspiegel.\u201eIch bin Nachtarbeiter\u201c, gew\u00e4hrte der K\u00fcnstler einen Einblick in seine Gewohnheiten. Sein Atelier befindet sich in einem Geb\u00e4udetrakt, in dem neben anderen K\u00fcnstlerwerkst\u00e4tten auch Clubs und eine Disco untergebracht sind. \u201eManchmal nerven die Clubs nachts\u201c, berichtete Frank Hoppmann von gelegentlich st\u00f6render Ger\u00e4uschkulisse. Die Vorlagen f\u00fcr seine Karikaturen holt er sich unter anderem aus dem Internet. \u201eSelbst wenn ich Andrea Nahles einladen w\u00fcrde, sie w\u00fcrde wohl nicht als Modell zu mir kommen\u201c, erkl\u00e4rte der Zeichner, warum er beim Zeichnen oftmals auf Fotografien zur\u00fcckgreift. Auch das Abbild von US-Pr\u00e4sident Donald Trump kam auf diese Weise zustande. Hoppmann verkaufte diese Arbeit an die Zeitung Los Angeles Times, die damit sogar einen Preis gewonnen habe.Wenn man einen Blick auf die Gesichter von Nahles, Trump oder Williams wirft, wird schnell klar, dass der Mann aus M\u00fcnster die Ber\u00fchmtheiten nicht originalgetreu nachzeichnet. \u201eDie Physiognomie ist ja komplett anders\u201c, sagte er im Gespr\u00e4ch mit Narloch. \u201eEs geht darum, dass man es nachf\u00fchlt\u201c, erkl\u00e4rte er seine Vorgehensweise f\u00fcr das Bild von Schauspieler Matthias Schweigh\u00f6fer, das auf dem Eulenspiegel zu sehen gewesen ist.Frank Hoppmann arbeitet \u00fcbrigens auch f\u00fcr die Welt am Sonntag und hat auch in der Berliner Illustrierten Zeitung ver\u00f6ffentlichen k\u00f6nnen. Da schlie\u00dft sich der Kreis zum Erich-Ohser-Haus. Denn auch der Plauener, dessen Namen die Galerie tr\u00e4gt und dessen Kunst dort im Mittelpunkt steht, ist als e.o.plauen f\u00fcr dieses Blatt t\u00e4tig gewesen.Frank Hoppmann (links) signierte bei seinem Besuch in Plauen das Kinderbuch \u201eDie Abenteuer von Pit und Peggs \u2013 Die Reise zur Blumenparade\u201c, das Zeichnungen von ihm enth\u00e4lt. Foto: Ellen Liebner<\/p>\n","protected":false},"excerpt":{"rendered":"<p>27.05.2017 \u2013 Freie Presse, Plauen Der Zeichner, Illustrator und Plauener F\u00f6rderpreistr\u00e4ger Frank Hoppmann aus M\u00fcnster stellt derzeit einige seiner Arbeiten f\u00fcr ein Kinderbuch im Erich-Ohser-Haus aus. Jetzt hat er interessante Einblicke in sein Schaffen gew\u00e4hrt.Von Peter Albrechterschienen am 27.05.2017Plauen. Vor zw\u00f6lf Jahren hat Frank Hoppmann den e.o.plauen-F\u00f6rderpreis bekommen. F\u00f6rderung hat er nicht mehr n\u00f6tig. Zu [&hellip;]<\/p>\n","protected":false},"author":1,"featured_media":0,"comment_status":"closed","ping_status":"open","sticky":false,"template":"","format":"standard","meta":{"_acf_changed":false,"footnotes":""},"categories":[191],"tags":[],"class_list":["post-1208","post","type-post","status-publish","format-standard","hentry","category-unkategorisiert"],"acf":[],"yoast_head":"<!-- This site is optimized with the Yoast SEO plugin v28.4 - https:\/\/yoast.com\/product\/yoast-seo-wordpress\/ -->\n<title>Preisgekr\u00f6nter Karikaturist plaudert aus dem N\u00e4hk\u00e4stchen - Frank Hoppmann<\/title>\n<meta name=\"robots\" content=\"index, follow, max-snippet:-1, max-image-preview:large, max-video-preview:-1\" \/>\n<link rel=\"canonical\" href=\"https:\/\/www.frankhoppmann.de\/preisgekroenter-karikaturist-plaudert-aus-dem-naehkaestchen\/\" \/>\n<meta property=\"og:locale\" content=\"en_US\" \/>\n<meta property=\"og:type\" content=\"article\" \/>\n<meta property=\"og:title\" content=\"Preisgekr\u00f6nter Karikaturist plaudert aus dem N\u00e4hk\u00e4stchen - Frank Hoppmann\" \/>\n<meta property=\"og:description\" content=\"27.05.2017 \u2013 Freie Presse, Plauen Der Zeichner, Illustrator und Plauener F\u00f6rderpreistr\u00e4ger Frank Hoppmann aus M\u00fcnster stellt derzeit einige seiner Arbeiten f\u00fcr ein Kinderbuch im Erich-Ohser-Haus aus. Jetzt hat er interessante Einblicke in sein Schaffen gew\u00e4hrt.Von Peter Albrechterschienen am 27.05.2017Plauen. Vor zw\u00f6lf Jahren hat Frank Hoppmann den e.o.plauen-F\u00f6rderpreis bekommen. F\u00f6rderung hat er nicht mehr n\u00f6tig. Zu [&hellip;]\" \/>\n<meta property=\"og:url\" content=\"https:\/\/www.frankhoppmann.de\/preisgekroenter-karikaturist-plaudert-aus-dem-naehkaestchen\/\" \/>\n<meta property=\"og:site_name\" content=\"Frank Hoppmann\" \/>\n<meta property=\"article:published_time\" content=\"2017-05-27T12:19:00+00:00\" \/>\n<meta property=\"article:modified_time\" content=\"2026-04-23T11:26:22+00:00\" \/>\n<meta name=\"author\" content=\"blumeblau\" \/>\n<meta name=\"twitter:card\" content=\"summary_large_image\" \/>\n<meta name=\"twitter:label1\" content=\"Written by\" \/>\n\t<meta name=\"twitter:data1\" content=\"blumeblau\" \/>\n\t<meta name=\"twitter:label2\" content=\"Est. reading time\" \/>\n\t<meta name=\"twitter:data2\" content=\"3 minutes\" \/>\n<script type=\"application\/ld+json\" class=\"yoast-schema-graph\">{\"@context\":\"https:\\\/\\\/schema.org\",\"@graph\":[{\"@type\":\"Article\",\"@id\":\"https:\\\/\\\/www.frankhoppmann.de\\\/preisgekroenter-karikaturist-plaudert-aus-dem-naehkaestchen\\\/#article\",\"isPartOf\":{\"@id\":\"https:\\\/\\\/www.frankhoppmann.de\\\/preisgekroenter-karikaturist-plaudert-aus-dem-naehkaestchen\\\/\"},\"author\":{\"name\":\"blumeblau\",\"@id\":\"https:\\\/\\\/www.frankhoppmann.de\\\/#\\\/schema\\\/person\\\/d5aa48536b1c1d542aafc8326abbab2f\"},\"headline\":\"Preisgekr\u00f6nter Karikaturist plaudert aus dem N\u00e4hk\u00e4stchen\",\"datePublished\":\"2017-05-27T12:19:00+00:00\",\"dateModified\":\"2026-04-23T11:26:22+00:00\",\"mainEntityOfPage\":{\"@id\":\"https:\\\/\\\/www.frankhoppmann.de\\\/preisgekroenter-karikaturist-plaudert-aus-dem-naehkaestchen\\\/\"},\"wordCount\":546,\"articleSection\":[\"Unkategorisiert\"],\"inLanguage\":\"en-US\"},{\"@type\":\"WebPage\",\"@id\":\"https:\\\/\\\/www.frankhoppmann.de\\\/preisgekroenter-karikaturist-plaudert-aus-dem-naehkaestchen\\\/\",\"url\":\"https:\\\/\\\/www.frankhoppmann.de\\\/preisgekroenter-karikaturist-plaudert-aus-dem-naehkaestchen\\\/\",\"name\":\"Preisgekr\u00f6nter Karikaturist plaudert aus dem N\u00e4hk\u00e4stchen - Frank Hoppmann\",\"isPartOf\":{\"@id\":\"https:\\\/\\\/www.frankhoppmann.de\\\/#website\"},\"datePublished\":\"2017-05-27T12:19:00+00:00\",\"dateModified\":\"2026-04-23T11:26:22+00:00\",\"author\":{\"@id\":\"https:\\\/\\\/www.frankhoppmann.de\\\/#\\\/schema\\\/person\\\/d5aa48536b1c1d542aafc8326abbab2f\"},\"breadcrumb\":{\"@id\":\"https:\\\/\\\/www.frankhoppmann.de\\\/preisgekroenter-karikaturist-plaudert-aus-dem-naehkaestchen\\\/#breadcrumb\"},\"inLanguage\":\"en-US\",\"potentialAction\":[{\"@type\":\"ReadAction\",\"target\":[\"https:\\\/\\\/www.frankhoppmann.de\\\/preisgekroenter-karikaturist-plaudert-aus-dem-naehkaestchen\\\/\"]}]},{\"@type\":\"BreadcrumbList\",\"@id\":\"https:\\\/\\\/www.frankhoppmann.de\\\/preisgekroenter-karikaturist-plaudert-aus-dem-naehkaestchen\\\/#breadcrumb\",\"itemListElement\":[{\"@type\":\"ListItem\",\"position\":1,\"name\":\"Start\",\"item\":\"https:\\\/\\\/www.frankhoppmann.de\\\/en\\\/\"},{\"@type\":\"ListItem\",\"position\":2,\"name\":\"Preisgekr\u00f6nter Karikaturist plaudert aus dem N\u00e4hk\u00e4stchen\"}]},{\"@type\":\"WebSite\",\"@id\":\"https:\\\/\\\/www.frankhoppmann.de\\\/#website\",\"url\":\"https:\\\/\\\/www.frankhoppmann.de\\\/\",\"name\":\"Frank Hoppmann\",\"description\":\"\",\"potentialAction\":[{\"@type\":\"SearchAction\",\"target\":{\"@type\":\"EntryPoint\",\"urlTemplate\":\"https:\\\/\\\/www.frankhoppmann.de\\\/?s={search_term_string}\"},\"query-input\":{\"@type\":\"PropertyValueSpecification\",\"valueRequired\":true,\"valueName\":\"search_term_string\"}}],\"inLanguage\":\"en-US\"},{\"@type\":\"Person\",\"@id\":\"https:\\\/\\\/www.frankhoppmann.de\\\/#\\\/schema\\\/person\\\/d5aa48536b1c1d542aafc8326abbab2f\",\"name\":\"blumeblau\",\"sameAs\":[\"https:\\\/\\\/www.frankhoppmann.de\"],\"url\":\"https:\\\/\\\/www.frankhoppmann.de\\\/en\\\/author\\\/blumeblau\\\/\"}]}<\/script>\n<!-- \/ Yoast SEO plugin. -->","yoast_head_json":{"title":"Preisgekr\u00f6nter Karikaturist plaudert aus dem N\u00e4hk\u00e4stchen - Frank Hoppmann","robots":{"index":"index","follow":"follow","max-snippet":"max-snippet:-1","max-image-preview":"max-image-preview:large","max-video-preview":"max-video-preview:-1"},"canonical":"https:\/\/www.frankhoppmann.de\/preisgekroenter-karikaturist-plaudert-aus-dem-naehkaestchen\/","og_locale":"en_US","og_type":"article","og_title":"Preisgekr\u00f6nter Karikaturist plaudert aus dem N\u00e4hk\u00e4stchen - Frank Hoppmann","og_description":"27.05.2017 \u2013 Freie Presse, Plauen Der Zeichner, Illustrator und Plauener F\u00f6rderpreistr\u00e4ger Frank Hoppmann aus M\u00fcnster stellt derzeit einige seiner Arbeiten f\u00fcr ein Kinderbuch im Erich-Ohser-Haus aus. Jetzt hat er interessante Einblicke in sein Schaffen gew\u00e4hrt.Von Peter Albrechterschienen am 27.05.2017Plauen. Vor zw\u00f6lf Jahren hat Frank Hoppmann den e.o.plauen-F\u00f6rderpreis bekommen. F\u00f6rderung hat er nicht mehr n\u00f6tig. Zu [&hellip;]","og_url":"https:\/\/www.frankhoppmann.de\/preisgekroenter-karikaturist-plaudert-aus-dem-naehkaestchen\/","og_site_name":"Frank Hoppmann","article_published_time":"2017-05-27T12:19:00+00:00","article_modified_time":"2026-04-23T11:26:22+00:00","author":"blumeblau","twitter_card":"summary_large_image","twitter_misc":{"Written by":"blumeblau","Est. reading time":"3 minutes"},"schema":{"@context":"https:\/\/schema.org","@graph":[{"@type":"Article","@id":"https:\/\/www.frankhoppmann.de\/preisgekroenter-karikaturist-plaudert-aus-dem-naehkaestchen\/#article","isPartOf":{"@id":"https:\/\/www.frankhoppmann.de\/preisgekroenter-karikaturist-plaudert-aus-dem-naehkaestchen\/"},"author":{"name":"blumeblau","@id":"https:\/\/www.frankhoppmann.de\/#\/schema\/person\/d5aa48536b1c1d542aafc8326abbab2f"},"headline":"Preisgekr\u00f6nter Karikaturist plaudert aus dem N\u00e4hk\u00e4stchen","datePublished":"2017-05-27T12:19:00+00:00","dateModified":"2026-04-23T11:26:22+00:00","mainEntityOfPage":{"@id":"https:\/\/www.frankhoppmann.de\/preisgekroenter-karikaturist-plaudert-aus-dem-naehkaestchen\/"},"wordCount":546,"articleSection":["Unkategorisiert"],"inLanguage":"en-US"},{"@type":"WebPage","@id":"https:\/\/www.frankhoppmann.de\/preisgekroenter-karikaturist-plaudert-aus-dem-naehkaestchen\/","url":"https:\/\/www.frankhoppmann.de\/preisgekroenter-karikaturist-plaudert-aus-dem-naehkaestchen\/","name":"Preisgekr\u00f6nter Karikaturist plaudert aus dem N\u00e4hk\u00e4stchen - Frank Hoppmann","isPartOf":{"@id":"https:\/\/www.frankhoppmann.de\/#website"},"datePublished":"2017-05-27T12:19:00+00:00","dateModified":"2026-04-23T11:26:22+00:00","author":{"@id":"https:\/\/www.frankhoppmann.de\/#\/schema\/person\/d5aa48536b1c1d542aafc8326abbab2f"},"breadcrumb":{"@id":"https:\/\/www.frankhoppmann.de\/preisgekroenter-karikaturist-plaudert-aus-dem-naehkaestchen\/#breadcrumb"},"inLanguage":"en-US","potentialAction":[{"@type":"ReadAction","target":["https:\/\/www.frankhoppmann.de\/preisgekroenter-karikaturist-plaudert-aus-dem-naehkaestchen\/"]}]},{"@type":"BreadcrumbList","@id":"https:\/\/www.frankhoppmann.de\/preisgekroenter-karikaturist-plaudert-aus-dem-naehkaestchen\/#breadcrumb","itemListElement":[{"@type":"ListItem","position":1,"name":"Start","item":"https:\/\/www.frankhoppmann.de\/en\/"},{"@type":"ListItem","position":2,"name":"Preisgekr\u00f6nter Karikaturist plaudert aus dem N\u00e4hk\u00e4stchen"}]},{"@type":"WebSite","@id":"https:\/\/www.frankhoppmann.de\/#website","url":"https:\/\/www.frankhoppmann.de\/","name":"Frank Hoppmann","description":"","potentialAction":[{"@type":"SearchAction","target":{"@type":"EntryPoint","urlTemplate":"https:\/\/www.frankhoppmann.de\/?s={search_term_string}"},"query-input":{"@type":"PropertyValueSpecification","valueRequired":true,"valueName":"search_term_string"}}],"inLanguage":"en-US"},{"@type":"Person","@id":"https:\/\/www.frankhoppmann.de\/#\/schema\/person\/d5aa48536b1c1d542aafc8326abbab2f","name":"blumeblau","sameAs":["https:\/\/www.frankhoppmann.de"],"url":"https:\/\/www.frankhoppmann.de\/en\/author\/blumeblau\/"}]}},"_links":{"self":[{"href":"https:\/\/www.frankhoppmann.de\/en\/wp-json\/wp\/v2\/posts\/1208","targetHints":{"allow":["GET"]}}],"collection":[{"href":"https:\/\/www.frankhoppmann.de\/en\/wp-json\/wp\/v2\/posts"}],"about":[{"href":"https:\/\/www.frankhoppmann.de\/en\/wp-json\/wp\/v2\/types\/post"}],"author":[{"embeddable":true,"href":"https:\/\/www.frankhoppmann.de\/en\/wp-json\/wp\/v2\/users\/1"}],"replies":[{"embeddable":true,"href":"https:\/\/www.frankhoppmann.de\/en\/wp-json\/wp\/v2\/comments?post=1208"}],"version-history":[{"count":1,"href":"https:\/\/www.frankhoppmann.de\/en\/wp-json\/wp\/v2\/posts\/1208\/revisions"}],"predecessor-version":[{"id":1209,"href":"https:\/\/www.frankhoppmann.de\/en\/wp-json\/wp\/v2\/posts\/1208\/revisions\/1209"}],"wp:attachment":[{"href":"https:\/\/www.frankhoppmann.de\/en\/wp-json\/wp\/v2\/media?parent=1208"}],"wp:term":[{"taxonomy":"category","embeddable":true,"href":"https:\/\/www.frankhoppmann.de\/en\/wp-json\/wp\/v2\/categories?post=1208"},{"taxonomy":"post_tag","embeddable":true,"href":"https:\/\/www.frankhoppmann.de\/en\/wp-json\/wp\/v2\/tags?post=1208"}],"curies":[{"name":"wp","href":"https:\/\/api.w.org\/{rel}","templated":true}]}}